{"id":234,"date":"2024-05-13T17:27:06","date_gmt":"2024-05-13T15:27:06","guid":{"rendered":"https:\/\/unterhist.org\/unterhist-blog\/?p=234"},"modified":"2024-05-15T12:54:18","modified_gmt":"2024-05-15T10:54:18","slug":"leffondrement-de-la-rue-denfer-en-1774","status":"publish","type":"post","link":"https:\/\/unterhist.org\/unterhist-blog\/2024\/05\/13\/leffondrement-de-la-rue-denfer-en-1774\/","title":{"rendered":"L&rsquo;effondrement de la rue d&rsquo;Enfer en 1774"},"content":{"rendered":"\n<p><mark style=\"background-color:rgba(0, 0, 0, 0)\" class=\"has-inline-color has-secondary-color\"><mark style=\"background-color:rgba(0, 0, 0, 0)\" class=\"has-inline-color has-secondary-color\"><\/mark><\/mark><\/p>\n\n\n\n<p>En d\u00e9cembre 1774, l&rsquo;effondrement d&rsquo;une partie de la rue d&rsquo;Enfer causa l\u2019effroi parmi les habitants des faubourgs sud de Paris. L&rsquo;urbanisation croissante autour de la ville avait en effet conduit depuis quelques d\u00e9cennies les Parisiens \u00e0 se rapprocher de la plaine. Il \u00e9tait connu depuis longtemps que d&rsquo;anciennes exploitations sous-minaient ces terrains et elles \u00e9taient la pr\u00e9occupation de nombreuses administrations de l&rsquo;ancien r\u00e9gime. Si jusqu&rsquo;alors, ces effondrements de carri\u00e8res, nomm\u00e9s fontis, arrivaient \u00e7\u00e0 et l\u00e0 dans la plaine, dans des endroits peu urbanis\u00e9s, c&rsquo;est cette fois-ci une rue habit\u00e9e qui est touch\u00e9e.<\/p>\n\n\n\n<p>Cet \u00e9v\u00e8nement est important car fondateur de ce qui deviendra l&rsquo;Inspection G\u00e9n\u00e9rale des Carri\u00e8res (IGC), or le grand fontis de la rue d&rsquo;Enfer de 1774 est encore un \u00e9v\u00e8nement peu connu. Guillaumot, dans son ouvrage \u00ab\u00a0<em>M\u00e9moire sur les travaux ordonn\u00e9s dans les carri\u00e8res sous Paris et plaines adjacentes<\/em>\u00a0\u00bb de 1797, indiquait d\u00e9j\u00e0 qu&rsquo;un \u00ab\u00a0effondrement subit et consid\u00e9rable, [\u2026], jeta les premi\u00e8res semences d&rsquo;inqui\u00e9tudes sur l&rsquo;\u00e9tat o\u00f9 pouvaient se trouver ces anciennes carri\u00e8res\u00a0\u00bb.<\/p>\n\n\n\n<figure class=\"wp-block-image size-large\"><img loading=\"lazy\" decoding=\"async\" width=\"1024\" height=\"831\" src=\"https:\/\/unterhist.org\/unterhist-blog\/wp-content\/uploads\/2024\/05\/verniquet1789Denfer-reduce-1024x831.jpg\" alt=\"\" class=\"wp-image-304\" srcset=\"https:\/\/unterhist.org\/unterhist-blog\/wp-content\/uploads\/2024\/05\/verniquet1789Denfer-reduce-1024x831.jpg 1024w, https:\/\/unterhist.org\/unterhist-blog\/wp-content\/uploads\/2024\/05\/verniquet1789Denfer-reduce-300x244.jpg 300w, https:\/\/unterhist.org\/unterhist-blog\/wp-content\/uploads\/2024\/05\/verniquet1789Denfer-reduce-768x623.jpg 768w, https:\/\/unterhist.org\/unterhist-blog\/wp-content\/uploads\/2024\/05\/verniquet1789Denfer-reduce-1536x1247.jpg 1536w, https:\/\/unterhist.org\/unterhist-blog\/wp-content\/uploads\/2024\/05\/verniquet1789Denfer-reduce-2048x1662.jpg 2048w\" sizes=\"auto, (max-width: 1024px) 100vw, 1024px\" \/><\/figure>\n\n\n\n<p><\/p>\n\n\n\n<h3 class=\"wp-block-heading\">R\u00e9cit de l&rsquo;effondrement de la rue d&rsquo;Enfer<\/h3>\n\n\n\n<h5 class=\"wp-block-heading\">Le 18 d\u00e9cembre 1774<\/h5>\n\n\n\n<blockquote class=\"wp-block-quote is-layout-flow wp-block-quote-is-layout-flow\">\n<p>D\u00e8s les premi\u00e8res lueurs du matin, Andr\u00e9 Denis, Architecte et Voyer de la Varenne du Louvre, prit la route pour une inspection sur la route d&rsquo;Orl\u00e9ans, situ\u00e9e entre la barri\u00e8re Saint Michel et le nouveau boulevard. En effet, le sieur Denis avait \u00e9t\u00e9 averti d&rsquo;un effondrement important s&rsquo;\u00e9tant produit ce jour-l\u00e0. En arrivant sur les lieux, un large trou, reconnu tout de suite par Denis comme en lien avec une carri\u00e8re et dont la profondeur est alors estim\u00e9e \u00e0 pr\u00e8s de 40 pieds (~13 m\u00e8tres). Ce trou avait \u00e9t\u00e9 couvert de planches et entour\u00e9 de pierres afin d&rsquo;en prot\u00e9ger l&rsquo;acc\u00e8s comme il \u00e9tait de coutume lors de ce genre d&rsquo;incidents.<\/p>\n\n\n\n<p>Il s&rsquo;\u00e9tait form\u00e9 face \u00e0 la maison d&rsquo;un marchand d&rsquo;un vin, dont l&rsquo;enseigne \u00e9tait \u00ab\u00a0au jardin Royal\u00a0\u00bb. La situation se compliquait par l&rsquo;apparition de fissures consid\u00e9rables sur la fa\u00e7ade du marchand de vin susmentionn\u00e9. Lors de son enqu\u00eate aupr\u00e8s des riverains, un certain Valton, carrier lui m\u00eame, lui confia que son p\u00e8re, \u00e2g\u00e9 de 90 ans, n&rsquo;avait jamais eu connaissance de l&rsquo;existence d&rsquo;une carri\u00e8re en ces lieux.<\/p>\n<\/blockquote>\n\n\n\n<h5 class=\"wp-block-heading\">Le 19 d\u00e9cembre 1774<\/h5>\n\n\n\n<blockquote class=\"wp-block-quote is-layout-flow wp-block-quote-is-layout-flow\">\n<p>Le lendemain matin, accompagn\u00e9 du Sieur de Sainte-Croix, entrepreneur des Ponts et Chauss\u00e9es, Denis retourna sur les lieux du sinistre. Ils constat\u00e8rent que le fontis s&rsquo;\u00e9tait partiellement combl\u00e9 par les terres avoisinantes. Ce glissement de terrain avait alors aggrav\u00e9 les fissures du b\u00e2timent affect\u00e9. Afin de reconnaitre la carri\u00e8re et d&rsquo;essayer d&rsquo;atteindre l&rsquo;effondrement, ils se tourn\u00e8rent vers un riverain nomm\u00e9 Chartier qui leur proposa de descendre par le puits \u00e0 eau de sa propri\u00e9t\u00e9. La carri\u00e8re, tr\u00e8s profonde, n&rsquo;avait plus d&rsquo;autres acc\u00e8s connus. L\u00e0, \u00e0 environ 24m de profondeur, ils d\u00e9couvrirent un r\u00e9seau complexe d&rsquo;exploitations souterraines avec de nombreux piliers effondr\u00e9s ainsi que de nombreuses cloches de fontis pr\u00eates \u00e0 percer. Ils parcoururent les galeries vers l&rsquo;ouest avant de devoir rebrousser chemin du fait des effondrements. La remont\u00e9e par le puits r\u00e9v\u00e9la \u00e9galement l&rsquo;existence d&rsquo;une autre carri\u00e8re superpos\u00e9e, accessible par un \u00e9troit passage dans la chemise dudit puits. Cette galerie semblait se diriger vers l&rsquo;est. Le sieur Chartier, tout en leur confirmant qu&rsquo;il s&rsquo;agissait bien d&rsquo;une carri\u00e8re de niveau sup\u00e9rieur, leur indiqua que ce premier atelier serait peut-\u00eatre plus ais\u00e9ment accessible depuis le puits \u00e0 eau du marchand de vin.<\/p>\n<\/blockquote>\n\n\n\n<h5 class=\"wp-block-heading\">20 d\u00e9cembre 1774<\/h5>\n\n\n\n<blockquote class=\"wp-block-quote is-layout-flow wp-block-quote-is-layout-flow\">\n<p>Toujours en qu\u00eate de conna\u00eetre l&rsquo;\u00e9tendue de ces fouilles de carri\u00e8re inconnues, Andr\u00e9 Denis accompagn\u00e9 des sieurs de Sainte-Croix et de Chez\u00ff, ce dernier \u00e9tant ing\u00e9nieur des Ponts et Chauss\u00e9es, entreprirent une nouvelle descente dans le sous-sol de la rue. Ils emprunt\u00e8rent de nouveau le puits du sieur Chartier, mais furent stopp\u00e9s par des \u00e9boulements survenus depuis leur derni\u00e8re visite :<\/p>\n\n\n\n<div class=\"wp-block-group has-tertiary-color has-text-color has-background has-link-color wp-elements-1922aed251329e23c513bc2c1fb6ac78 is-content-justification-left is-layout-constrained wp-container-core-group-is-layout-64ba4680 wp-block-group-is-layout-constrained\" style=\"background-color:#ffe2c717;padding-top:0;padding-right:var(--wp--preset--spacing--20);padding-bottom:0;padding-left:var(--wp--preset--spacing--20)\">\n<div class=\"wp-block-group is-layout-constrained wp-block-group-is-layout-constrained\">\n<p>\u00ab\u00a0[&#8230;]Nous aurions vu et remarqu\u00e9 que plusieurs partie de ciel dans les rues o\u00f9 nous sommes pass\u00e9 hier, dix-neuf du pr\u00e9sent, sont \u00e9croul\u00e9 et tomb\u00e9 ce qui nous aurais emp\u00each\u00e9 de passer.\u00a0\u00bb<\/p>\n\n\n\n<p>\u00ab\u00a0[&#8230;]Et, \u00e9tant parvenu, nous aurions trouv\u00e9 dans la premi\u00e8re carri\u00e8re une partie de piliers de nouveau \u00e9cras\u00e9s, ensuite nous sommes pass\u00e9 dans la seconde carri\u00e8re o\u00f9 \u00e9tant, dans une rue (galerie) allant vers le midi, passant environ sous les b\u00e2timent du marchand de vin nous aurions vu que le ciel de la carri\u00e8re est de nouveau tomb\u00e9 et \u00e9croul\u00e9 dans cette partie, ce qui nous a emp\u00each\u00e9 de passer\u00a0\u00bb<\/p>\n<\/div>\n<\/div>\n\n\n\n<p>Malgr\u00e9 les obstacles, ils explor\u00e8rent une autre section via le puits du marchand de vin, l\u00e0, de par une galerie se dirigeant vers le sud, ils firent face \u00e0 une carri\u00e8re de plus en plus fragilis\u00e9e, \u00e0 des piliers \u00e9cras\u00e9s et, revenus en surface, \u00e0 de nouvelles fissures form\u00e9es dans les caves, t\u00e9moignant de l&rsquo;aggravation de la situation.<\/p>\n<\/blockquote>\n\n\n\n<h5 class=\"wp-block-heading\">23 d\u00e9cembre 1774<\/h5>\n\n\n\n<blockquote class=\"wp-block-quote is-layout-flow wp-block-quote-is-layout-flow\">\n<p>Quelques jours plus tard, le libraire parisien Sim\u00e9on-Prosper Hardy, dans son dictionnaire historique de la ville de Paris et de ses environs, rapporta des faits alarmants concernant le fontis. Le marchand de vin avait ainsi \u00e9t\u00e9 contraint de d\u00e9m\u00e9nager, probablement du fait de l\u2019aggravation des fissures . Le Sieur de Trudaine, accompagn\u00e9 d&rsquo;ing\u00e9nieurs, avait pris la mesure de la catastrophe, envisageant des travaux de consolidation qui s&rsquo;\u00e9tendraient sur au moins un an. Cette intervention \u00e9tait cruciale pour pr\u00e9venir tout effondrement futur et garantir la s\u00e9curit\u00e9 des parisiens.<\/p>\n<\/blockquote>\n\n\n\n<p><\/p>\n\n\n\n<h3 class=\"wp-block-heading\">Un puits \u00e0 eau<\/h3>\n\n\n\n<p>Comment retrouver ces lieux aujourd&rsquo;hui alors que tous les b\u00e2timents ont \u00e9t\u00e9 d\u00e9truits puis reconstruits trois ou quatre fois ? Que les rues sont devenues des avenues et que les familles ont l\u00e9gu\u00e9 puis vendu leurs biens \u00e0 de diverses reprises ? Il est bien possible, en \u00e9tudiant les cartes de l&rsquo;IGC, de d\u00e9finir une zone avec une forte probabilit\u00e9 mais qu&rsquo;en est-il des lieux r\u00e9els ? Quid des puits \u00e0 eau ou des enseignes cit\u00e9s ?<\/p>\n\n\n\n<p>Face \u00e0 ces questions, un passionn\u00e9 va tout d&rsquo;abord se tourner vers la source la plus compl\u00e8te, tant d&rsquo;un point de vue cadastral que d&rsquo;un point de vue des connaissances de l&rsquo;\u00e9poque relatives aux carri\u00e8res : l&rsquo;atlas de Fourcy. Cependant, comme pour l\u2019actuel atlas des carri\u00e8res, celui-ci reste muet, ayant \u00e9t\u00e9 lev\u00e9 pr\u00e8s de 70 ans apr\u00e8s l&rsquo;effondrement. Des puits \u00e0 eau sont bien visibles mais comment savoir vers lesquels se tourner ?<\/p>\n\n\n\n<figure class=\"wp-block-image size-full is-resized\"><img loading=\"lazy\" decoding=\"async\" width=\"602\" height=\"583\" src=\"https:\/\/unterhist.org\/unterhist-blog\/wp-content\/uploads\/2024\/05\/deFourcyDEnfer.jpg\" alt=\"Extrait de l'atlas de Fourcy centr\u00e9 sur la rue d'Enfer \u00e0 l'emplacement de l'effondrement de 1774\" class=\"wp-image-238\" style=\"width:651px;height:auto\" srcset=\"https:\/\/unterhist.org\/unterhist-blog\/wp-content\/uploads\/2024\/05\/deFourcyDEnfer.jpg 602w, https:\/\/unterhist.org\/unterhist-blog\/wp-content\/uploads\/2024\/05\/deFourcyDEnfer-300x291.jpg 300w\" sizes=\"auto, (max-width: 602px) 100vw, 602px\" \/><\/figure>\n\n\n\n<p>On peut alors se diriger vers une source inesp\u00e9r\u00e9e, les tr\u00e8s lacunaires minutes de l&rsquo;Atlas de Verniquet. Il s&rsquo;agit d&rsquo;un travail de cartographie consid\u00e9rable r\u00e9alis\u00e9 par l&rsquo;\u00e9quipe de g\u00e9om\u00e8tres dirig\u00e9 par Edme Verniquet, commissaire g\u00e9n\u00e9ral de la voirie de Paris. Ces g\u00e9om\u00e8tres ont dress\u00e9, rue par rue, <a href=\"https:\/\/gallica.bnf.fr\/ark:\/12148\/btv1b55013275x\/f1.item\">une carte g\u00e9om\u00e9trique de la ville et de ses faubourgs<\/a>. <\/p>\n\n\n\n<p>\u00c0 la base de cette carte on trouve des centaines de planches minutes indiquant les noms de propri\u00e9taire et fournissant une base g\u00e9ographique et historique d&rsquo;une importance consid\u00e9rable sur une fen\u00eatre temporelle tr\u00e8s resserr\u00e9e. Fen\u00eatre qui correspond exactement \u00e0 la p\u00e9riode de l&rsquo;effondrement de la rue d&rsquo;Enfer. Et si toutes les cartes ne nous sont pas parvenues, plusieurs centaines sont aujourd&rsquo;hui num\u00e9ris\u00e9es sur le site des biblioth\u00e8ques sp\u00e9cialis\u00e9es de la ville de Paris, dont le secteur qui nous int\u00e9resse aujourd&rsquo;hui.<\/p>\n\n\n\n<figure class=\"wp-block-image size-large\"><img loading=\"lazy\" decoding=\"async\" width=\"1024\" height=\"673\" src=\"https:\/\/unterhist.org\/unterhist-blog\/wp-content\/uploads\/2024\/05\/ComparaisonChartier-01-1024x673.jpg\" alt=\"Emplacement des propri\u00e9t\u00e9 du sieur Chartier et de la maison du marchand de vin o\u00f9 s'est produit l'effondrement de la rue d'Enfer de 1774\" class=\"wp-image-241\" srcset=\"https:\/\/unterhist.org\/unterhist-blog\/wp-content\/uploads\/2024\/05\/ComparaisonChartier-01-1024x673.jpg 1024w, https:\/\/unterhist.org\/unterhist-blog\/wp-content\/uploads\/2024\/05\/ComparaisonChartier-01-300x197.jpg 300w, https:\/\/unterhist.org\/unterhist-blog\/wp-content\/uploads\/2024\/05\/ComparaisonChartier-01-768x505.jpg 768w, https:\/\/unterhist.org\/unterhist-blog\/wp-content\/uploads\/2024\/05\/ComparaisonChartier-01-1536x1009.jpg 1536w, https:\/\/unterhist.org\/unterhist-blog\/wp-content\/uploads\/2024\/05\/ComparaisonChartier-01-2048x1346.jpg 2048w\" sizes=\"auto, (max-width: 1024px) 100vw, 1024px\" \/><figcaption class=\"wp-element-caption\">\u00c0 gauche : superposition d&rsquo;une carte de l&rsquo;atlas de Fourcy et du cadastre de Verniquet. \u00c0 droite : Une vue plus \u00e9loign\u00e9e des deux parcelles int\u00e9ress\u00e9es.<\/figcaption><\/figure>\n\n\n\n<p>En superposant les plans, on retrouve bien la demeure du d\u00e9nomm\u00e9 \u00ab\u00a0Chartier\u00a0\u00bb. Nous retrouvons bien aussi son puits \u00e0 eau et pouvons en d\u00e9duire quelle maison a pu \u00eatre touch\u00e9e par l&rsquo;effondrement ! Et c&rsquo;est aussi l\u00e0 que quelques nouvelles questions se posent car, si on peut prouver que les propri\u00e9t\u00e9s correspondent \u00e0 celles mentionn\u00e9es dans les proc\u00e8s-verbaux du sieur Denis, les observations ne correspondent plus aujourd&rsquo;hui et il semble que la carri\u00e8re inf\u00e9rieure accessible par le puits \u00e0 eau n&rsquo;ait jamais \u00e9t\u00e9 lev\u00e9e par l&rsquo;inspection. On peut enfin noter que l&rsquo;\u00e9tude de l&rsquo;atlas Vasserot ne met pas en \u00e9vidence d&rsquo;autres puits \u00e0 eau dans ces m\u00eames parcelles ce qui consolide les hypoth\u00e8ses pr\u00e9sent\u00e9es ici.<\/p>\n\n\n\n<p><\/p>\n\n\n\n<figure class=\"wp-block-image size-large\"><img loading=\"lazy\" decoding=\"async\" width=\"1024\" height=\"693\" src=\"https:\/\/unterhist.org\/unterhist-blog\/wp-content\/uploads\/2024\/05\/chartierIGC-01-1024x693.jpg\" alt=\"Carte de l'inspection g\u00e9n\u00e9rale des carri\u00e8res mettant en valeur les niveaux de carri\u00e8res de second niveau et le puits du sieur Chartier\" class=\"wp-image-240\" srcset=\"https:\/\/unterhist.org\/unterhist-blog\/wp-content\/uploads\/2024\/05\/chartierIGC-01-1024x693.jpg 1024w, https:\/\/unterhist.org\/unterhist-blog\/wp-content\/uploads\/2024\/05\/chartierIGC-01-300x203.jpg 300w, https:\/\/unterhist.org\/unterhist-blog\/wp-content\/uploads\/2024\/05\/chartierIGC-01-768x520.jpg 768w, https:\/\/unterhist.org\/unterhist-blog\/wp-content\/uploads\/2024\/05\/chartierIGC-01-1536x1040.jpg 1536w, https:\/\/unterhist.org\/unterhist-blog\/wp-content\/uploads\/2024\/05\/chartierIGC-01-2048x1387.jpg 2048w\" sizes=\"auto, (max-width: 1024px) 100vw, 1024px\" \/><\/figure>\n\n\n\n<p><\/p>\n\n\n\n<h3 class=\"wp-block-heading\">Les visites du Sieur Denis<\/h3>\n\n\n\n<p>Apr\u00e8s avoir identifi\u00e9 ces diff\u00e9rents lieux, il convient de porter une attention particuli\u00e8re sur les visites de la carri\u00e8re effectu\u00e9es par le sieur Denis. En effet, en tant que Voyer travaillant pour la capitainerie de la Varenne du Louvre, il est commun que celui-ci descende en carri\u00e8re pour constater l&rsquo;\u00e9tat des excavations et pouvoir en faire un rapport. En g\u00e9n\u00e9ral, il s&rsquo;agit de carri\u00e8res en exploitation dont il faut v\u00e9rifier que les propri\u00e9taires ou exploitants, lorsque le terrain se trouve sur le territoire des chasses du roi, respectent la l\u00e9gislation.<\/p>\n\n\n\n<p>Dans ce cas pr\u00e9cis, cependant, aucune information n&rsquo;est connue au pr\u00e9alable ni aucun plan. Le sieur Denis travaille donc \u00e0 l&rsquo;aveugle sur un territoire dont les acc\u00e8s \u00e0 la carri\u00e8re ne sont pas connus. L&rsquo;expertise du sieur Denis le fait donc imm\u00e9diatement se tourner vers les puits \u00e0 eau du secteur dont il sait qu&rsquo;ils sont la principale, voire la seule possibilit\u00e9 d&rsquo;acc\u00e8s \u00e0 ces carri\u00e8res.<\/p>\n\n\n\n<p>En plus des risques d&rsquo;effondrement ou de noyade inh\u00e9rents aux carri\u00e8res \u00e0 cette \u00e9poque, il faut aussi pouvoir descendre sur une corde munie d&rsquo;une barre sur laquelle s\u2019assoir, et ce, dans un puits non pr\u00e9vu \u00e0 cet effet au risque d&rsquo;une chute. Guillaumot, dans un rapport dat\u00e9 de 1777 et destin\u00e9 au comte d&rsquo;Angiviller nous en dit ceci :<\/p>\n\n\n\n<blockquote class=\"wp-block-quote has-tertiary-color has-text-color has-background has-link-color wp-elements-b2ea27796eb6158af9c1cd3002ad7827 is-layout-flow wp-block-quote-is-layout-flow\" style=\"background-color:#ffe2c717\">\n<p>De l\u00e0, le Sieur Dupont a conduit les commissaires a un puits situ\u00e9 a l&rsquo;extr\u00e9mit\u00e9 d&rsquo;un jardin [&#8230;], dans lequel puits il leur a propos\u00e9 de descendre au moyen d&rsquo;une corde pass\u00e9e sur une poulie, au bout de laquelle \u00e9tait attach\u00e9 un b\u00e2ton d&rsquo;environ deux pieds de longueur, sur lequel il fallait s&rsquo;asseoir, tenants la corde entre les jambes.<\/p>\n\n\n\n<p><br>Le Sr Dupont leur a dit qu&rsquo;\u00e0 environ 75 pieds de profondeur et encore assez loin de l&rsquo;eau du puits, se trouvait une entr\u00e9e de carri\u00e8re, dont la galerie se dirigeait de mani\u00e8re \u00e0 passer sous la conduite de l&rsquo;aqueduc d\u2019Arcueil [&#8230;].<br><\/p>\n\n\n\n<p>Mais le Sr Guillaumot l&rsquo;un des commissaires, ayant essay\u00e9 de se laisser aller au gr\u00e9 d&rsquo;un si fr\u00eale \u00e9quipage, et ne trouvant aucun point d\u2019appui a cause du trop grand diam\u00e8tre de ce puits, n&rsquo;a pas cr\u00fb devoir risquer d&rsquo;aller jusqu&rsquo;au bas<\/p>\n<cite>Archives Nationales, c\u00f4te O\/1\/1599 &#8211; Dossiers 91-116<\/cite><\/blockquote>\n\n\n\n<p><\/p>\n\n\n\n<p>En plus du risque de chute, donc, il faut aussi se dire qu&rsquo;il n&rsquo;existait aucune cartographie et que le risque de se perdre \u00e9tait donc r\u00e9el. D&rsquo;autant plus avec les moyens d&rsquo;\u00e9clairage de l&rsquo;\u00e9poque et l&rsquo;instabilit\u00e9 du ciel de la carri\u00e8re. Aussi, lorsque Denis descend dans ces carri\u00e8res, il en fait la description suivante :<\/p>\n\n\n\n<p><\/p>\n\n\n\n<blockquote class=\"wp-block-quote has-tertiary-color has-text-color has-background has-link-color wp-elements-06727b5a936df3156e3e59a0cdf4f8a4 is-layout-flow wp-block-quote-is-layout-flow\" style=\"background-color:#ffe2c717\">\n<h5 class=\"wp-block-heading has-tertiary-color has-text-color has-link-color wp-elements-c30b45d1e198cf5c4899084e678a82a5\">Le 19 d\u00e9cembre 1774<\/h5>\n\n\n\n<p>Nous sommes, avec le Sieur de Sainte-Croix, descendu dans l\u2019int\u00e9rieur du puits \u00e0 la profondeur d&rsquo;environ quatre-vingt pieds. O\u00f9 \u00e9tant, nous aurions trouv\u00e9, vers le couchant, du c\u00f4t\u00e9 du pav\u00e9, une communication qui nous aurait conduit et que nous aurions reconnu pour avoir \u00e9t\u00e9 exploit\u00e9 anciennement. De laquelle exploitation il a \u00e9t\u00e9 tir\u00e9 de la lambourde, fouill\u00e9 \u00e0 pilier tourn\u00e9.<\/p>\n\n\n\n<p>Apr\u00e8s avoir visit\u00e9e ladite fouille dans les parties o\u00f9 nous avons pu passer, nous aurions vu plusieurs partie de ciel de ladite carri\u00e8re \u00e9cras\u00e9 en plusieurs cloches \u00e9tant environ sous la chauss\u00e9e ainsi que plusieurs endroits de ladite carri\u00e8re sans piliers, ce qui a caus\u00e9 l&rsquo;\u00e9croulement du fontis. Apr\u00e8s lequel examen nous nous somme transport\u00e9 au puits par lequel nous sommes descendu et, nous faisant remonter, dans l\u2019int\u00e9rieur de celui-ci, vers le levant, a la hauteur d\u2019environ quatre toises nous aurions vu une ouverture qui nous paru \u00eatre une rue de carri\u00e8re dans laquelle nous n\u2019avons pu entrer que d&rsquo;environ six pieds de longueur, vu que le surplus est bouch\u00e9 de terre et gravois.<\/p>\n\n\n\n<p> Nous aurions reconnu que c&rsquo;\u00e9tait aussi une ancienne carri\u00e8re et, apr\u00e8s avoir \u00e9t\u00e9 remont\u00e9 sur la superficie du terrain, nous nous somme adress\u00e9 a plusieurs personnes et notamment audit Chartier. Nous lui aurions demand\u00e9 ce qu&rsquo;\u00e9tais le trou que nous aurions trouv\u00e9 dans l\u2019int\u00e9rieur du puits vers le levant, ce \u00e0 quoi il nous aurait r\u00e9pondu que c\u2019\u00e9tait une carri\u00e8re et qu&rsquo;il pr\u00e9sumait que c&rsquo;\u00e9tait un premier atelier, ce que nous pourrions voir par le puits de la maison du marchand de vin.<\/p>\n\n\n\n<p>Nous nous sommes transport\u00e9 dans le jardin de ladite maison du marchand de vin, o\u00f9 \u00e9tant, nous nous sommes fait descendre dans l\u2019int\u00e9rieur du puits. \u00c0 la profondeur d&rsquo;environ soixante douze pieds, nous sommes pass\u00e9 par une communication vers le midi dans une carri\u00e8re que nous avons reconnu avoir \u00e9t\u00e9 fouill\u00e9 en premier atelier ou l\u2019on avait exploit\u00e9 de la pierre dure.<\/p>\n\n\n\n<p>Nous aurions vu qu&rsquo;un petit \u00e9tau de masse servant de piliers se trouve environ sous la maison et s\u2019\u00e9crase ce qui a occasionn\u00e9 une partie des fractions (fissures) faites \u00e0 ladite maison. Ensuite \u00e0 la distance de six toises du puits par lequel nous somme descendu, allant vers le midi, dans le banc ver servant de plancher, nous aurions trouv\u00e9 un trou par lequel nous sommes pass\u00e9, et descendu a la profondeur d\u2019environ dix pieds ce qui nous a fait reconnaitre qu&rsquo;il y a deux carri\u00e8res l&rsquo;une sur l&rsquo;autre.<\/p>\n\n\n\n<p>Nous sommes passe dans une rue allant vers le midi, que nous avons trouv\u00e9 en tr\u00e8s mauvais \u00e9tat. Ce qui a occasionn\u00e9 les fractures faites dans le bout de ladite maison, ensuite nous aurions parcouru le surplus (l&rsquo;\u00e9tage sup\u00e9rieur ?) de ladite carri\u00e8re, dans les rue o\u00f9 nous avons put entrer. Et apr\u00e8s l&rsquo;examen que nous en avons fait nous les avons trouv\u00e9 en tr\u00e8s mauvais \u00e9tat, dans laquelle visite nous aurions reconnu que la route d&rsquo;Orl\u00e9ans est fouill\u00e9e et qu&rsquo;il se trouve sous icelle plusieurs cloches et partie de ciel sans piliers ni soutient.<\/p>\n<cite>Archives Nationales, cote : Z\/1q\/80<\/cite><\/blockquote>\n\n\n\n<p>\u00c0 la lecture de ce rapport et au vu de nos connaissances actuelles de la cartographie de la carri\u00e8re, nous pouvons estimer que les trajets effectu\u00e9s ce jour-l\u00e0 correspondent \u00e0 peu pr\u00e8s \u00e0 ceux-ci :<\/p>\n\n\n\n<figure class=\"wp-block-image size-large\"><img loading=\"lazy\" decoding=\"async\" width=\"1024\" height=\"665\" src=\"https:\/\/unterhist.org\/unterhist-blog\/wp-content\/uploads\/2024\/05\/19Decembre1774-01-1024x665.jpg\" alt=\"Trajets hypoth\u00e9tiques de la visite du Sieur Denis entre les puits du sieur Chartier et du marchand de Vin\" class=\"wp-image-247\" srcset=\"https:\/\/unterhist.org\/unterhist-blog\/wp-content\/uploads\/2024\/05\/19Decembre1774-01-1024x665.jpg 1024w, https:\/\/unterhist.org\/unterhist-blog\/wp-content\/uploads\/2024\/05\/19Decembre1774-01-300x195.jpg 300w, https:\/\/unterhist.org\/unterhist-blog\/wp-content\/uploads\/2024\/05\/19Decembre1774-01-768x499.jpg 768w, https:\/\/unterhist.org\/unterhist-blog\/wp-content\/uploads\/2024\/05\/19Decembre1774-01-1536x997.jpg 1536w, https:\/\/unterhist.org\/unterhist-blog\/wp-content\/uploads\/2024\/05\/19Decembre1774-01-2048x1330.jpg 2048w\" sizes=\"auto, (max-width: 1024px) 100vw, 1024px\" \/><\/figure>\n\n\n\n<p><\/p>\n\n\n\n<h3 class=\"wp-block-heading\">Les suites de l&rsquo;effondrement : des recherches \u00e0 poursuivre&#8230;<\/h3>\n\n\n\n<p>Pour terminer cet article, comme nous savons d\u00e9sormais comment le fontis s&rsquo;est form\u00e9 et comment il a \u00e9t\u00e9 identifi\u00e9, il conviendrait de d\u00e9terminer la mani\u00e8re dont il a \u00e9t\u00e9 trait\u00e9 \u00e0 une p\u00e9riode o\u00f9 l&rsquo;IGC n&rsquo;existait pas encore. Peut-\u00eatre serait-il possible de retrouver, aux archives, des plans de la carri\u00e8re, lev\u00e9s lors des travaux de consolidation et de comblement. En effet si l&rsquo;ensemble des archives de l&rsquo;IGC a bien br\u00fbl\u00e9 lors de l&rsquo;incendie de l&rsquo;h\u00f4tel de ville en 1871, les plans relev\u00e9s pour le compte de la capitainerie des chasses de la Varenne du Louvre, ou bien pour l&rsquo;administration des Ponts et Chauss\u00e9es, d\u00e9pendant du minist\u00e8re des Finances sous l&rsquo;Ancien r\u00e9gime, sont peut-\u00eatre encore \u00e0 d\u00e9couvrir.<\/p>\n\n\n\n<p>En ouverture, nous pouvons donc nous rapporter \u00e0 l&rsquo;ouvrage de Messieurs Pierre-Thomas Hurtaut et L. de Magny qui nous d\u00e9crit la suite des op\u00e9rations :<\/p>\n\n\n\n<blockquote class=\"wp-block-quote has-background is-layout-flow wp-block-quote-is-layout-flow\" style=\"background-color:#ffe2c717\">\n<p class=\"has-tertiary-color has-text-color has-link-color wp-elements-bcee4189fc12d4b14e55a3e6e0832159\">[&#8230;]Cinquante hommes furent employ\u00e9s \u00e0 r\u00e9parer les cavit\u00e9s avec de la pierre. Ensuite, le sieur Denis fit fouiller l&rsquo;\u00e9croulement, et trouva dans cet espace de terrain sept formes de cloches, chacune de soixante pieds de diam\u00e8tre, sur quarante de haut (19,5 m\u00e8tres de diam\u00e8tre sur 13 de haut). Apr\u00e8s la v\u00e9rification la plus exacte et la plus certaine de ces cloches, et les plans lev\u00e9s, le sieur Denis fit fouiller sur la superficie du terrain, \u00e0 plomb desdites cloches, un trou de six pieds en carr\u00e9 (2 m\u00e8tres), dans lequel il fit placer des ch\u00e2ssis de bois de charpente , suspendus par des c\u00e2bles qui descendaient \u00e0 fur et \u00e0 mesure de la fouille, les ouvriers \u00e9tant attach\u00e9s par le milieu du corps. Dans cette dangereuse op\u00e9ration, un seul fut enterr\u00e9 \u00e0 la profondeur de 30 pieds (9,7 m\u00e8tres) o\u00f9 il resta pendant 4 heures, apr\u00e8s lesquelles on le retira et il ne fut malade que pendant quelques jours.[&#8230;]<\/p>\n\n\n\n<p><\/p>\n<\/blockquote>\n\n\n\n<p>Ces quelques lignes nous donnent un aper\u00e7u des travaux impressionnants mis en place pour combler ce fontis et rendre la voirie publique stable ainsi que des pistes qui restent \u00e0 explorer pour continuer cette \u00e9tude. <\/p>\n\n\n\n<p>Il n&rsquo;en demeure pas moins que cet \u00e9v\u00e8nement a profond\u00e9ment boulevers\u00e9 les Parisiens et est rest\u00e9 dans la tradition populaire comme l&rsquo;\u00e9v\u00e8nement fondateur de ce qui deviendra l&rsquo;Inspection G\u00e9n\u00e9rale des Carri\u00e8res.<\/p>\n\n\n\n<hr class=\"wp-block-separator has-alpha-channel-opacity\"\/>\n\n\n<figure class=\"wp-block-post-featured-image\"><img loading=\"lazy\" decoding=\"async\" width=\"2405\" height=\"987\" src=\"https:\/\/unterhist.org\/unterhist-blog\/wp-content\/uploads\/2024\/05\/banierez.jpg\" class=\"attachment-post-thumbnail size-post-thumbnail wp-post-image\" alt=\"de Fourcy rue d&#039;Enfer\" style=\"object-fit:cover;\" srcset=\"https:\/\/unterhist.org\/unterhist-blog\/wp-content\/uploads\/2024\/05\/banierez.jpg 2405w, https:\/\/unterhist.org\/unterhist-blog\/wp-content\/uploads\/2024\/05\/banierez-300x123.jpg 300w, https:\/\/unterhist.org\/unterhist-blog\/wp-content\/uploads\/2024\/05\/banierez-1024x420.jpg 1024w, https:\/\/unterhist.org\/unterhist-blog\/wp-content\/uploads\/2024\/05\/banierez-768x315.jpg 768w, https:\/\/unterhist.org\/unterhist-blog\/wp-content\/uploads\/2024\/05\/banierez-1536x630.jpg 1536w, https:\/\/unterhist.org\/unterhist-blog\/wp-content\/uploads\/2024\/05\/banierez-2048x840.jpg 2048w\" sizes=\"auto, (max-width: 2405px) 100vw, 2405px\" \/><\/figure>\n\n\n<p><mark style=\"background-color:rgba(0, 0, 0, 0)\" class=\"has-inline-color has-secondary-color\">Avertissement : lorsque des archives ont \u00e9t\u00e9 transcrites, la forme du texte a \u00e9t\u00e9 modifi\u00e9e de sorte \u00e0 \u00eatre lisible facilement et par n&rsquo;importe qui. <\/mark><\/p>\n\n\n\n<h4 class=\"wp-block-heading\">Sources :<\/h4>\n\n\n\n<ul class=\"wp-block-list\">\n<li>Les proc\u00e8s-verbaux du sieurs Denis sont conserv\u00e9s aux archives nationales, \u00e0 la c\u00f4te Z-1q-80<\/li>\n<\/ul>\n\n\n\n<ul class=\"wp-block-list\">\n<li>Archives Nationales, c\u00f4te O\/1\/1599 &#8211; Dossiers 91-116<\/li>\n<\/ul>\n\n\n\n<ul class=\"wp-block-list\">\n<li>Biblioth\u00e8que nationale de France. D\u00e9partement des manuscrits. Fran\u00e7ais 6681<\/li>\n<\/ul>\n\n\n\n<ul class=\"wp-block-list\">\n<li><a href=\"https:\/\/gallica.bnf.fr\/ark:\/12148\/bpt6k9802293q\/f1.item\">M\u00e9moire sur les travaux ordonn\u00e9s dans les carri\u00e8res sous Paris, et plaines adjacentes ; et expos\u00e9 des op\u00e9rations faites pour leur r\u00e9paration. Par C.-A. Guillaumot<\/a><\/li>\n<\/ul>\n\n\n\n<ul class=\"wp-block-list\">\n<li><a href=\"https:\/\/gallica.bnf.fr\/ark:\/12148\/bpt6k1040241w\/f85.item#\">Dictionnaire historique de la ville de Paris et de ses environs. T. 2<\/a> par MM. Hurtaut,&#8230; et Magny,&#8230;<\/li>\n<\/ul>\n\n\n\n<ul class=\"wp-block-list\">\n<li><a href=\"https:\/\/gallica.bnf.fr\/ark:\/12148\/btv1b90607397\/f497.item#\">\u00ab Mes loisirs, ou Journal d&rsquo;evenemens tels qu&rsquo;ils parviennent \u00e0 ma connoissance \u00bb, par le libraire parisien S.-P. HARDY. (1764-1789). II Ann\u00e9es 1772-1774.<\/a><\/li>\n<\/ul>\n\n\n\n<ul class=\"wp-block-list\">\n<li><a href=\"https:\/\/bibliotheques-specialisees.paris.fr\/collections-numerisees\/recemment-numerise\/les-plans-verniquet-cartographie-et-l-histoire-du-paris-du-18e-siecle\">Travail de num\u00e9risation des minutes de l&rsquo;Atlas de Verniquet<\/a><\/li>\n<\/ul>\n\n\n\n<ul class=\"wp-block-list\">\n<li><a href=\"https:\/\/archives.paris.fr\/r\/138\/plans-parcellaires\">Atlas de Vasserot<\/a><\/li>\n<\/ul>\n\n\n\n<ul class=\"wp-block-list\">\n<li><a href=\"https:\/\/capgeo.maps.arcgis.com\/apps\/instant\/media\/index.html?appid=59873b0b206e4aefae712dc2cdda200c\">Atlas des carri\u00e8res souterraines de la Ville de Paris<\/a><\/li>\n<\/ul>\n\n\n\n<h3 class=\"wp-block-heading\">Remerciements :<\/h3>\n\n\n\n<ul class=\"wp-block-list\">\n<li>Jean Laurent pour son travail de recherche en archive et de transcription \u00e0 la base de ce billet.<\/li>\n<\/ul>\n\n\n\n<p><\/p>\n\n\n\n<p><a href=\"https:\/\/unterhist.org\/unterhist-blog\/articles\">Retrouvez la listes des articles de Unterhist Ici<\/a><\/p>\n\n\n\n<p><a href=\"https:\/\/unterhist.org\/unterhist-blog\/breves\">Retrouvez la liste des br\u00e8ves de Unterhist ici<\/a><\/p>\n","protected":false},"excerpt":{"rendered":"<p>En d\u00e9cembre 1774, l&rsquo;effondrement d&rsquo;une partie de la rue d&rsquo;Enfer causa l\u2019effroi parmi les habitants des faubourgs sud de Paris. L&rsquo;urbanisation croissante autour de la ville avait en effet conduit depuis quelques d\u00e9cennies les Parisiens \u00e0 se rapprocher de la plaine. Il \u00e9tait connu depuis longtemps que d&rsquo;anciennes exploitations sous-minaient ces terrains et elles \u00e9taient [&hellip;]<\/p>\n","protected":false},"author":1,"featured_media":243,"comment_status":"open","ping_status":"open","sticky":false,"template":"","format":"standard","meta":{"footnotes":""},"categories":[19],"tags":[12,24],"class_list":["post-234","post","type-post","status-publish","format-standard","has-post-thumbnail","hentry","category-xviiie-siecle","tag-carrieres-souterraines-de-paris","tag-fontis"],"yoast_head":"<!-- This site is optimized with the Yoast SEO plugin v27.5 - https:\/\/yoast.com\/product\/yoast-seo-wordpress\/ -->\n<title>L&#039;effondrement de la rue d&#039;Enfer en 1774 &#060; unterhist-blog<\/title>\n<meta name=\"description\" content=\"L&#039;effondrement de la rue d&#039;Enfer en 1774, un \u00e9v\u00e8nement entrainant l&#039;effroi des habitants qui craignent alors l&#039;engloutissement en carri\u00e8res..\" \/>\n<meta name=\"robots\" content=\"index, follow, max-snippet:-1, max-image-preview:large, max-video-preview:-1\" \/>\n<link rel=\"canonical\" href=\"https:\/\/unterhist.org\/unterhist-blog\/2024\/05\/13\/leffondrement-de-la-rue-denfer-en-1774\/\" \/>\n<meta property=\"og:locale\" content=\"fr_FR\" \/>\n<meta property=\"og:type\" content=\"article\" \/>\n<meta property=\"og:title\" content=\"L&#039;effondrement de la rue d&#039;Enfer en 1774 &#060; unterhist-blog\" \/>\n<meta property=\"og:description\" content=\"L&#039;effondrement de la rue d&#039;Enfer en 1774, un \u00e9v\u00e8nement entrainant l&#039;effroi des habitants qui craignent alors l&#039;engloutissement en carri\u00e8res..\" \/>\n<meta property=\"og:url\" content=\"https:\/\/unterhist.org\/unterhist-blog\/2024\/05\/13\/leffondrement-de-la-rue-denfer-en-1774\/\" \/>\n<meta property=\"og:site_name\" content=\"unterhist-blog\" \/>\n<meta property=\"article:published_time\" content=\"2024-05-13T15:27:06+00:00\" \/>\n<meta property=\"article:modified_time\" content=\"2024-05-15T10:54:18+00:00\" \/>\n<meta property=\"og:image\" content=\"https:\/\/unterhist.org\/unterhist-blog\/wp-content\/uploads\/2024\/05\/banierez.jpg\" \/>\n\t<meta property=\"og:image:width\" content=\"2405\" \/>\n\t<meta property=\"og:image:height\" content=\"987\" \/>\n\t<meta property=\"og:image:type\" content=\"image\/jpeg\" \/>\n<meta name=\"author\" content=\"Yersinia\" \/>\n<meta name=\"twitter:card\" content=\"summary_large_image\" \/>\n<meta name=\"twitter:label1\" content=\"\u00c9crit par\" \/>\n\t<meta name=\"twitter:data1\" content=\"Yersinia\" \/>\n\t<meta name=\"twitter:label2\" content=\"Dur\u00e9e de lecture estim\u00e9e\" \/>\n\t<meta name=\"twitter:data2\" content=\"8 minutes\" \/>\n<script type=\"application\/ld+json\" class=\"yoast-schema-graph\">{\"@context\":\"https:\\\/\\\/schema.org\",\"@graph\":[{\"@type\":\"Article\",\"@id\":\"https:\\\/\\\/unterhist.org\\\/unterhist-blog\\\/2024\\\/05\\\/13\\\/leffondrement-de-la-rue-denfer-en-1774\\\/#article\",\"isPartOf\":{\"@id\":\"https:\\\/\\\/unterhist.org\\\/unterhist-blog\\\/2024\\\/05\\\/13\\\/leffondrement-de-la-rue-denfer-en-1774\\\/\"},\"author\":{\"name\":\"Yersinia\",\"@id\":\"https:\\\/\\\/unterhist.org\\\/unterhist-blog\\\/#\\\/schema\\\/person\\\/01986039c66f42849494ef0339adbf94\"},\"headline\":\"L&rsquo;effondrement de la rue d&rsquo;Enfer en 1774\",\"datePublished\":\"2024-05-13T15:27:06+00:00\",\"dateModified\":\"2024-05-15T10:54:18+00:00\",\"mainEntityOfPage\":{\"@id\":\"https:\\\/\\\/unterhist.org\\\/unterhist-blog\\\/2024\\\/05\\\/13\\\/leffondrement-de-la-rue-denfer-en-1774\\\/\"},\"wordCount\":3148,\"commentCount\":0,\"publisher\":{\"@id\":\"https:\\\/\\\/unterhist.org\\\/unterhist-blog\\\/#organization\"},\"image\":{\"@id\":\"https:\\\/\\\/unterhist.org\\\/unterhist-blog\\\/2024\\\/05\\\/13\\\/leffondrement-de-la-rue-denfer-en-1774\\\/#primaryimage\"},\"thumbnailUrl\":\"https:\\\/\\\/unterhist.org\\\/unterhist-blog\\\/wp-content\\\/uploads\\\/2024\\\/05\\\/banierez.jpg\",\"keywords\":[\"Carri\u00e8res souterraines de Paris\",\"fontis\"],\"articleSection\":[\"XVIIIe si\u00e8cle\"],\"inLanguage\":\"fr-FR\",\"potentialAction\":[{\"@type\":\"CommentAction\",\"name\":\"Comment\",\"target\":[\"https:\\\/\\\/unterhist.org\\\/unterhist-blog\\\/2024\\\/05\\\/13\\\/leffondrement-de-la-rue-denfer-en-1774\\\/#respond\"]}]},{\"@type\":\"WebPage\",\"@id\":\"https:\\\/\\\/unterhist.org\\\/unterhist-blog\\\/2024\\\/05\\\/13\\\/leffondrement-de-la-rue-denfer-en-1774\\\/\",\"url\":\"https:\\\/\\\/unterhist.org\\\/unterhist-blog\\\/2024\\\/05\\\/13\\\/leffondrement-de-la-rue-denfer-en-1774\\\/\",\"name\":\"L'effondrement de la rue d'Enfer en 1774 &#060; unterhist-blog\",\"isPartOf\":{\"@id\":\"https:\\\/\\\/unterhist.org\\\/unterhist-blog\\\/#website\"},\"primaryImageOfPage\":{\"@id\":\"https:\\\/\\\/unterhist.org\\\/unterhist-blog\\\/2024\\\/05\\\/13\\\/leffondrement-de-la-rue-denfer-en-1774\\\/#primaryimage\"},\"image\":{\"@id\":\"https:\\\/\\\/unterhist.org\\\/unterhist-blog\\\/2024\\\/05\\\/13\\\/leffondrement-de-la-rue-denfer-en-1774\\\/#primaryimage\"},\"thumbnailUrl\":\"https:\\\/\\\/unterhist.org\\\/unterhist-blog\\\/wp-content\\\/uploads\\\/2024\\\/05\\\/banierez.jpg\",\"datePublished\":\"2024-05-13T15:27:06+00:00\",\"dateModified\":\"2024-05-15T10:54:18+00:00\",\"description\":\"L'effondrement de la rue d'Enfer en 1774, un \u00e9v\u00e8nement entrainant l'effroi des habitants qui craignent alors l'engloutissement en carri\u00e8res..\",\"breadcrumb\":{\"@id\":\"https:\\\/\\\/unterhist.org\\\/unterhist-blog\\\/2024\\\/05\\\/13\\\/leffondrement-de-la-rue-denfer-en-1774\\\/#breadcrumb\"},\"inLanguage\":\"fr-FR\",\"potentialAction\":[{\"@type\":\"ReadAction\",\"target\":[\"https:\\\/\\\/unterhist.org\\\/unterhist-blog\\\/2024\\\/05\\\/13\\\/leffondrement-de-la-rue-denfer-en-1774\\\/\"]}]},{\"@type\":\"ImageObject\",\"inLanguage\":\"fr-FR\",\"@id\":\"https:\\\/\\\/unterhist.org\\\/unterhist-blog\\\/2024\\\/05\\\/13\\\/leffondrement-de-la-rue-denfer-en-1774\\\/#primaryimage\",\"url\":\"https:\\\/\\\/unterhist.org\\\/unterhist-blog\\\/wp-content\\\/uploads\\\/2024\\\/05\\\/banierez.jpg\",\"contentUrl\":\"https:\\\/\\\/unterhist.org\\\/unterhist-blog\\\/wp-content\\\/uploads\\\/2024\\\/05\\\/banierez.jpg\",\"width\":2405,\"height\":987,\"caption\":\"de Fourcy rue d'Enfer\"},{\"@type\":\"BreadcrumbList\",\"@id\":\"https:\\\/\\\/unterhist.org\\\/unterhist-blog\\\/2024\\\/05\\\/13\\\/leffondrement-de-la-rue-denfer-en-1774\\\/#breadcrumb\",\"itemListElement\":[{\"@type\":\"ListItem\",\"position\":1,\"name\":\"Accueil\",\"item\":\"https:\\\/\\\/unterhist.org\\\/unterhist-blog\\\/\"},{\"@type\":\"ListItem\",\"position\":2,\"name\":\"L&rsquo;effondrement de la rue d&rsquo;Enfer en 1774\"}]},{\"@type\":\"WebSite\",\"@id\":\"https:\\\/\\\/unterhist.org\\\/unterhist-blog\\\/#website\",\"url\":\"https:\\\/\\\/unterhist.org\\\/unterhist-blog\\\/\",\"name\":\"unterhist-blog\",\"description\":\"Histoire des lieux souterrains en r\u00e9gion parisienne\",\"publisher\":{\"@id\":\"https:\\\/\\\/unterhist.org\\\/unterhist-blog\\\/#organization\"},\"alternateName\":\"unterhist\",\"potentialAction\":[{\"@type\":\"SearchAction\",\"target\":{\"@type\":\"EntryPoint\",\"urlTemplate\":\"https:\\\/\\\/unterhist.org\\\/unterhist-blog\\\/?s={search_term_string}\"},\"query-input\":{\"@type\":\"PropertyValueSpecification\",\"valueRequired\":true,\"valueName\":\"search_term_string\"}}],\"inLanguage\":\"fr-FR\"},{\"@type\":\"Organization\",\"@id\":\"https:\\\/\\\/unterhist.org\\\/unterhist-blog\\\/#organization\",\"name\":\"unterhist\",\"url\":\"https:\\\/\\\/unterhist.org\\\/unterhist-blog\\\/\",\"logo\":{\"@type\":\"ImageObject\",\"inLanguage\":\"fr-FR\",\"@id\":\"https:\\\/\\\/unterhist.org\\\/unterhist-blog\\\/#\\\/schema\\\/logo\\\/image\\\/\",\"url\":\"https:\\\/\\\/unterhist.org\\\/unterhist-blog\\\/wp-content\\\/uploads\\\/2023\\\/10\\\/unnamed.png\",\"contentUrl\":\"https:\\\/\\\/unterhist.org\\\/unterhist-blog\\\/wp-content\\\/uploads\\\/2023\\\/10\\\/unnamed.png\",\"width\":360,\"height\":360,\"caption\":\"unterhist\"},\"image\":{\"@id\":\"https:\\\/\\\/unterhist.org\\\/unterhist-blog\\\/#\\\/schema\\\/logo\\\/image\\\/\"}},{\"@type\":\"Person\",\"@id\":\"https:\\\/\\\/unterhist.org\\\/unterhist-blog\\\/#\\\/schema\\\/person\\\/01986039c66f42849494ef0339adbf94\",\"name\":\"Yersinia\",\"image\":{\"@type\":\"ImageObject\",\"inLanguage\":\"fr-FR\",\"@id\":\"https:\\\/\\\/secure.gravatar.com\\\/avatar\\\/1dfcc9e4a52ad987c5d499822941d1cca997cd823d2b2435d67bdf143e809cb5?s=96&d=mm&r=g\",\"url\":\"https:\\\/\\\/secure.gravatar.com\\\/avatar\\\/1dfcc9e4a52ad987c5d499822941d1cca997cd823d2b2435d67bdf143e809cb5?s=96&d=mm&r=g\",\"contentUrl\":\"https:\\\/\\\/secure.gravatar.com\\\/avatar\\\/1dfcc9e4a52ad987c5d499822941d1cca997cd823d2b2435d67bdf143e809cb5?s=96&d=mm&r=g\",\"caption\":\"Yersinia\"},\"sameAs\":[\"http:\\\/\\\/unterhist.org\\\/unterhist-blog\"],\"url\":\"https:\\\/\\\/unterhist.org\\\/unterhist-blog\\\/author\\\/yersinia\\\/\"}]}<\/script>\n<!-- \/ Yoast SEO plugin. -->","yoast_head_json":{"title":"L'effondrement de la rue d'Enfer en 1774 &#060; unterhist-blog","description":"L'effondrement de la rue d'Enfer en 1774, un \u00e9v\u00e8nement entrainant l'effroi des habitants qui craignent alors l'engloutissement en carri\u00e8res..","robots":{"index":"index","follow":"follow","max-snippet":"max-snippet:-1","max-image-preview":"max-image-preview:large","max-video-preview":"max-video-preview:-1"},"canonical":"https:\/\/unterhist.org\/unterhist-blog\/2024\/05\/13\/leffondrement-de-la-rue-denfer-en-1774\/","og_locale":"fr_FR","og_type":"article","og_title":"L'effondrement de la rue d'Enfer en 1774 &#060; unterhist-blog","og_description":"L'effondrement de la rue d'Enfer en 1774, un \u00e9v\u00e8nement entrainant l'effroi des habitants qui craignent alors l'engloutissement en carri\u00e8res..","og_url":"https:\/\/unterhist.org\/unterhist-blog\/2024\/05\/13\/leffondrement-de-la-rue-denfer-en-1774\/","og_site_name":"unterhist-blog","article_published_time":"2024-05-13T15:27:06+00:00","article_modified_time":"2024-05-15T10:54:18+00:00","og_image":[{"width":2405,"height":987,"url":"https:\/\/unterhist.org\/unterhist-blog\/wp-content\/uploads\/2024\/05\/banierez.jpg","type":"image\/jpeg"}],"author":"Yersinia","twitter_card":"summary_large_image","twitter_misc":{"\u00c9crit par":"Yersinia","Dur\u00e9e de lecture estim\u00e9e":"8 minutes"},"schema":{"@context":"https:\/\/schema.org","@graph":[{"@type":"Article","@id":"https:\/\/unterhist.org\/unterhist-blog\/2024\/05\/13\/leffondrement-de-la-rue-denfer-en-1774\/#article","isPartOf":{"@id":"https:\/\/unterhist.org\/unterhist-blog\/2024\/05\/13\/leffondrement-de-la-rue-denfer-en-1774\/"},"author":{"name":"Yersinia","@id":"https:\/\/unterhist.org\/unterhist-blog\/#\/schema\/person\/01986039c66f42849494ef0339adbf94"},"headline":"L&rsquo;effondrement de la rue d&rsquo;Enfer en 1774","datePublished":"2024-05-13T15:27:06+00:00","dateModified":"2024-05-15T10:54:18+00:00","mainEntityOfPage":{"@id":"https:\/\/unterhist.org\/unterhist-blog\/2024\/05\/13\/leffondrement-de-la-rue-denfer-en-1774\/"},"wordCount":3148,"commentCount":0,"publisher":{"@id":"https:\/\/unterhist.org\/unterhist-blog\/#organization"},"image":{"@id":"https:\/\/unterhist.org\/unterhist-blog\/2024\/05\/13\/leffondrement-de-la-rue-denfer-en-1774\/#primaryimage"},"thumbnailUrl":"https:\/\/unterhist.org\/unterhist-blog\/wp-content\/uploads\/2024\/05\/banierez.jpg","keywords":["Carri\u00e8res souterraines de Paris","fontis"],"articleSection":["XVIIIe si\u00e8cle"],"inLanguage":"fr-FR","potentialAction":[{"@type":"CommentAction","name":"Comment","target":["https:\/\/unterhist.org\/unterhist-blog\/2024\/05\/13\/leffondrement-de-la-rue-denfer-en-1774\/#respond"]}]},{"@type":"WebPage","@id":"https:\/\/unterhist.org\/unterhist-blog\/2024\/05\/13\/leffondrement-de-la-rue-denfer-en-1774\/","url":"https:\/\/unterhist.org\/unterhist-blog\/2024\/05\/13\/leffondrement-de-la-rue-denfer-en-1774\/","name":"L'effondrement de la rue d'Enfer en 1774 &#060; unterhist-blog","isPartOf":{"@id":"https:\/\/unterhist.org\/unterhist-blog\/#website"},"primaryImageOfPage":{"@id":"https:\/\/unterhist.org\/unterhist-blog\/2024\/05\/13\/leffondrement-de-la-rue-denfer-en-1774\/#primaryimage"},"image":{"@id":"https:\/\/unterhist.org\/unterhist-blog\/2024\/05\/13\/leffondrement-de-la-rue-denfer-en-1774\/#primaryimage"},"thumbnailUrl":"https:\/\/unterhist.org\/unterhist-blog\/wp-content\/uploads\/2024\/05\/banierez.jpg","datePublished":"2024-05-13T15:27:06+00:00","dateModified":"2024-05-15T10:54:18+00:00","description":"L'effondrement de la rue d'Enfer en 1774, un \u00e9v\u00e8nement entrainant l'effroi des habitants qui craignent alors l'engloutissement en carri\u00e8res..","breadcrumb":{"@id":"https:\/\/unterhist.org\/unterhist-blog\/2024\/05\/13\/leffondrement-de-la-rue-denfer-en-1774\/#breadcrumb"},"inLanguage":"fr-FR","potentialAction":[{"@type":"ReadAction","target":["https:\/\/unterhist.org\/unterhist-blog\/2024\/05\/13\/leffondrement-de-la-rue-denfer-en-1774\/"]}]},{"@type":"ImageObject","inLanguage":"fr-FR","@id":"https:\/\/unterhist.org\/unterhist-blog\/2024\/05\/13\/leffondrement-de-la-rue-denfer-en-1774\/#primaryimage","url":"https:\/\/unterhist.org\/unterhist-blog\/wp-content\/uploads\/2024\/05\/banierez.jpg","contentUrl":"https:\/\/unterhist.org\/unterhist-blog\/wp-content\/uploads\/2024\/05\/banierez.jpg","width":2405,"height":987,"caption":"de Fourcy rue d'Enfer"},{"@type":"BreadcrumbList","@id":"https:\/\/unterhist.org\/unterhist-blog\/2024\/05\/13\/leffondrement-de-la-rue-denfer-en-1774\/#breadcrumb","itemListElement":[{"@type":"ListItem","position":1,"name":"Accueil","item":"https:\/\/unterhist.org\/unterhist-blog\/"},{"@type":"ListItem","position":2,"name":"L&rsquo;effondrement de la rue d&rsquo;Enfer en 1774"}]},{"@type":"WebSite","@id":"https:\/\/unterhist.org\/unterhist-blog\/#website","url":"https:\/\/unterhist.org\/unterhist-blog\/","name":"unterhist-blog","description":"Histoire des lieux souterrains en r\u00e9gion parisienne","publisher":{"@id":"https:\/\/unterhist.org\/unterhist-blog\/#organization"},"alternateName":"unterhist","potentialAction":[{"@type":"SearchAction","target":{"@type":"EntryPoint","urlTemplate":"https:\/\/unterhist.org\/unterhist-blog\/?s={search_term_string}"},"query-input":{"@type":"PropertyValueSpecification","valueRequired":true,"valueName":"search_term_string"}}],"inLanguage":"fr-FR"},{"@type":"Organization","@id":"https:\/\/unterhist.org\/unterhist-blog\/#organization","name":"unterhist","url":"https:\/\/unterhist.org\/unterhist-blog\/","logo":{"@type":"ImageObject","inLanguage":"fr-FR","@id":"https:\/\/unterhist.org\/unterhist-blog\/#\/schema\/logo\/image\/","url":"https:\/\/unterhist.org\/unterhist-blog\/wp-content\/uploads\/2023\/10\/unnamed.png","contentUrl":"https:\/\/unterhist.org\/unterhist-blog\/wp-content\/uploads\/2023\/10\/unnamed.png","width":360,"height":360,"caption":"unterhist"},"image":{"@id":"https:\/\/unterhist.org\/unterhist-blog\/#\/schema\/logo\/image\/"}},{"@type":"Person","@id":"https:\/\/unterhist.org\/unterhist-blog\/#\/schema\/person\/01986039c66f42849494ef0339adbf94","name":"Yersinia","image":{"@type":"ImageObject","inLanguage":"fr-FR","@id":"https:\/\/secure.gravatar.com\/avatar\/1dfcc9e4a52ad987c5d499822941d1cca997cd823d2b2435d67bdf143e809cb5?s=96&d=mm&r=g","url":"https:\/\/secure.gravatar.com\/avatar\/1dfcc9e4a52ad987c5d499822941d1cca997cd823d2b2435d67bdf143e809cb5?s=96&d=mm&r=g","contentUrl":"https:\/\/secure.gravatar.com\/avatar\/1dfcc9e4a52ad987c5d499822941d1cca997cd823d2b2435d67bdf143e809cb5?s=96&d=mm&r=g","caption":"Yersinia"},"sameAs":["http:\/\/unterhist.org\/unterhist-blog"],"url":"https:\/\/unterhist.org\/unterhist-blog\/author\/yersinia\/"}]}},"_links":{"self":[{"href":"https:\/\/unterhist.org\/unterhist-blog\/wp-json\/wp\/v2\/posts\/234","targetHints":{"allow":["GET"]}}],"collection":[{"href":"https:\/\/unterhist.org\/unterhist-blog\/wp-json\/wp\/v2\/posts"}],"about":[{"href":"https:\/\/unterhist.org\/unterhist-blog\/wp-json\/wp\/v2\/types\/post"}],"author":[{"embeddable":true,"href":"https:\/\/unterhist.org\/unterhist-blog\/wp-json\/wp\/v2\/users\/1"}],"replies":[{"embeddable":true,"href":"https:\/\/unterhist.org\/unterhist-blog\/wp-json\/wp\/v2\/comments?post=234"}],"version-history":[{"count":45,"href":"https:\/\/unterhist.org\/unterhist-blog\/wp-json\/wp\/v2\/posts\/234\/revisions"}],"predecessor-version":[{"id":380,"href":"https:\/\/unterhist.org\/unterhist-blog\/wp-json\/wp\/v2\/posts\/234\/revisions\/380"}],"wp:featuredmedia":[{"embeddable":true,"href":"https:\/\/unterhist.org\/unterhist-blog\/wp-json\/wp\/v2\/media\/243"}],"wp:attachment":[{"href":"https:\/\/unterhist.org\/unterhist-blog\/wp-json\/wp\/v2\/media?parent=234"}],"wp:term":[{"taxonomy":"category","embeddable":true,"href":"https:\/\/unterhist.org\/unterhist-blog\/wp-json\/wp\/v2\/categories?post=234"},{"taxonomy":"post_tag","embeddable":true,"href":"https:\/\/unterhist.org\/unterhist-blog\/wp-json\/wp\/v2\/tags?post=234"}],"curies":[{"name":"wp","href":"https:\/\/api.w.org\/{rel}","templated":true}]}}